{"id":770,"date":"2025-06-05T12:35:25","date_gmt":"2025-06-05T10:35:25","guid":{"rendered":"https:\/\/www.bengtsforsmc.se\/?p=770"},"modified":"2025-06-10T07:20:17","modified_gmt":"2025-06-10T05:20:17","slug":"upp-som-en-sol-och-ned-som-en-pannkaka-for-bengtsforsforarna-i-legends","status":"publish","type":"post","link":"https:\/\/www.bengtsforsmc.se\/?p=770","title":{"rendered":"Upp som en sol och ned som en pannkaka f\u00f6r Bengtsforsf\u00f6rarna i Legends"},"content":{"rendered":"\n<figure class=\"wp-block-image size-large\"><img loading=\"lazy\" decoding=\"async\" width=\"1024\" height=\"683\" src=\"https:\/\/www.bengtsforsmc.se\/wp-content\/uploads\/2025\/06\/2Leg250601-Anders-Berger-1024x683.jpg\" alt=\"\" class=\"wp-image-771\" srcset=\"https:\/\/www.bengtsforsmc.se\/wp-content\/uploads\/2025\/06\/2Leg250601-Anders-Berger-1024x683.jpg 1024w, https:\/\/www.bengtsforsmc.se\/wp-content\/uploads\/2025\/06\/2Leg250601-Anders-Berger-300x200.jpg 300w, https:\/\/www.bengtsforsmc.se\/wp-content\/uploads\/2025\/06\/2Leg250601-Anders-Berger-768x512.jpg 768w, https:\/\/www.bengtsforsmc.se\/wp-content\/uploads\/2025\/06\/2Leg250601-Anders-Berger-1536x1024.jpg 1536w, https:\/\/www.bengtsforsmc.se\/wp-content\/uploads\/2025\/06\/2Leg250601-Anders-Berger.jpg 1900w\" sizes=\"auto, (max-width: 1024px) 100vw, 1024px\" \/><figcaption class=\"wp-element-caption\">Anders Berger inledde str\u00e5lande med en sj\u00e4tteplats i kvalet och en sjundeplats i f\u00f6rsta racet, men sedan var gl\u00e4djen slut...<\/figcaption><\/figure>\n\n\n\n<p>Tre f\u00f6rare fr\u00e5n Bengtsfors MotorClub k\u00f6rde Geller\u00e5sloppet p\u00e5 Geller\u00e5sen Arena i Karlskoga i klassen Valeryd Legends Cup. 64 f\u00f6rare kom till start och i kvalet kom Anders Berger sexa, Johan Sandin 12:a och Kristian Nilsson 49:a. Det innebar att Anders och Johan Fick k\u00f6ra A-finaler medan Kristian fick n\u00f6ja sig med att k\u00f6ra i B-finalerna.<\/p>\n\n\n\n<p>Tre race k\u00f6rdes under helgen. I B-finalerna kom Kristian p\u00e5 14:e, 16:e och 9:e plats.<\/p>\n\n\n\n<figure class=\"wp-block-image size-large\"><img loading=\"lazy\" decoding=\"async\" width=\"1024\" height=\"683\" src=\"https:\/\/www.bengtsforsmc.se\/wp-content\/uploads\/2025\/06\/2Leg250601-Kristian-Nilsson-1024x683.jpg\" alt=\"\" class=\"wp-image-772\" srcset=\"https:\/\/www.bengtsforsmc.se\/wp-content\/uploads\/2025\/06\/2Leg250601-Kristian-Nilsson-1024x683.jpg 1024w, https:\/\/www.bengtsforsmc.se\/wp-content\/uploads\/2025\/06\/2Leg250601-Kristian-Nilsson-300x200.jpg 300w, https:\/\/www.bengtsforsmc.se\/wp-content\/uploads\/2025\/06\/2Leg250601-Kristian-Nilsson-768x512.jpg 768w, https:\/\/www.bengtsforsmc.se\/wp-content\/uploads\/2025\/06\/2Leg250601-Kristian-Nilsson-1536x1024.jpg 1536w, https:\/\/www.bengtsforsmc.se\/wp-content\/uploads\/2025\/06\/2Leg250601-Kristian-Nilsson.jpg 1900w\" sizes=\"auto, (max-width: 1024px) 100vw, 1024px\" \/><figcaption class=\"wp-element-caption\">Kristian Nilsson k\u00f6rde sin f\u00f6rsta t\u00e4vling f\u00f6r \u00e5ret och som b\u00e4st blev han nia i den sista B-finalen.<\/figcaption><\/figure>\n\n\n\n<p>I den f\u00f6rsta A-finalen var Anders mycket bra med i ledarklungan d\u00e4r de \u00e5tta f\u00f6rsta f\u00f6rarna gick i m\u00e5l som en hel klunga n\u00e4r de tampades \u00e4nda fram till m\u00e5llinjen. Anders tog sjundeplatsen.<\/p>\n\n\n\n<p>Johan l\u00e5g mitt i den andra klungan och kom p\u00e5 13:e plats. S\u00e5 l\u00e5ngt s\u00e5g allt mycket bra ut f\u00f6r Bengtsforsf\u00f6rarna. P\u00e5 uppv\u00e4rmningsvarvet till det andra racet blev Anders p\u00e5k\u00f6rd s\u00e5 att han fick punktering och tvingades bryta redan innan start! Johan k\u00e4mpade h\u00e5rt i racet och tog tyv\u00e4rr i lite f\u00f6r mycket. Det blev n\u00e5gra misstag och han tappade placeringar och fick jaga p\u00e5 nytt, men s\u00e5 blev det \u00e4nnu fler missar och tyv\u00e4rr bara en 28:e plats i m\u00e5l.<\/p>\n\n\n\n<figure class=\"wp-block-image size-large\"><img loading=\"lazy\" decoding=\"async\" width=\"1024\" height=\"682\" src=\"https:\/\/www.bengtsforsmc.se\/wp-content\/uploads\/2025\/06\/2Leg250601-Johan-Sandin-1024x682.jpg\" alt=\"\" class=\"wp-image-773\" srcset=\"https:\/\/www.bengtsforsmc.se\/wp-content\/uploads\/2025\/06\/2Leg250601-Johan-Sandin-1024x682.jpg 1024w, https:\/\/www.bengtsforsmc.se\/wp-content\/uploads\/2025\/06\/2Leg250601-Johan-Sandin-300x200.jpg 300w, https:\/\/www.bengtsforsmc.se\/wp-content\/uploads\/2025\/06\/2Leg250601-Johan-Sandin-768x512.jpg 768w, https:\/\/www.bengtsforsmc.se\/wp-content\/uploads\/2025\/06\/2Leg250601-Johan-Sandin-1536x1023.jpg 1536w, https:\/\/www.bengtsforsmc.se\/wp-content\/uploads\/2025\/06\/2Leg250601-Johan-Sandin.jpg 1900w\" sizes=\"auto, (max-width: 1024px) 100vw, 1024px\" \/><figcaption class=\"wp-element-caption\">Johan Sandin k\u00e4mpade h\u00e5rt i helgen med fick klen utdelning.<\/figcaption><\/figure>\n\n\n\n<p>I det tredje racet dog Anders motor pl\u00f6tsligt och han tvingades d\u00e4rmed bryta igen. Johan k\u00f6rde h\u00e5rt och fick till och med bestraffning f\u00f6r det, men \u00e4nd\u00e5 lyckades han i alla fall b\u00e4rga en 21:a plats till sist.<\/p>\n\n\n\n<p>Bengt-\u00c5ce Gustavsson \u2013 <a href=\"http:\/\/www.racefoto.se\">www.racefoto.se<\/a><\/p>\n\n\n\n<figure class=\"wp-block-image size-large\"><img loading=\"lazy\" decoding=\"async\" width=\"1024\" height=\"683\" src=\"https:\/\/www.bengtsforsmc.se\/wp-content\/uploads\/2025\/06\/2Leg250601-Bengtsforsteamet-1024x683.jpg\" alt=\"\" class=\"wp-image-774\" srcset=\"https:\/\/www.bengtsforsmc.se\/wp-content\/uploads\/2025\/06\/2Leg250601-Bengtsforsteamet-1024x683.jpg 1024w, https:\/\/www.bengtsforsmc.se\/wp-content\/uploads\/2025\/06\/2Leg250601-Bengtsforsteamet-300x200.jpg 300w, https:\/\/www.bengtsforsmc.se\/wp-content\/uploads\/2025\/06\/2Leg250601-Bengtsforsteamet-768x512.jpg 768w, https:\/\/www.bengtsforsmc.se\/wp-content\/uploads\/2025\/06\/2Leg250601-Bengtsforsteamet-1536x1024.jpg 1536w, https:\/\/www.bengtsforsmc.se\/wp-content\/uploads\/2025\/06\/2Leg250601-Bengtsforsteamet.jpg 1900w\" sizes=\"auto, (max-width: 1024px) 100vw, 1024px\" \/><figcaption class=\"wp-element-caption\">Bengtsforsteamet samlat i dep\u00e5n.<\/figcaption><\/figure>\n\n\n\n<figure class=\"wp-block-image size-large\"><img loading=\"lazy\" decoding=\"async\" width=\"996\" height=\"1024\" src=\"https:\/\/www.bengtsforsmc.se\/wp-content\/uploads\/2025\/06\/img461-996x1024.jpg\" alt=\"\" class=\"wp-image-776\" srcset=\"https:\/\/www.bengtsforsmc.se\/wp-content\/uploads\/2025\/06\/img461-996x1024.jpg 996w, https:\/\/www.bengtsforsmc.se\/wp-content\/uploads\/2025\/06\/img461-292x300.jpg 292w, https:\/\/www.bengtsforsmc.se\/wp-content\/uploads\/2025\/06\/img461-768x790.jpg 768w, https:\/\/www.bengtsforsmc.se\/wp-content\/uploads\/2025\/06\/img461-1494x1536.jpg 1494w, https:\/\/www.bengtsforsmc.se\/wp-content\/uploads\/2025\/06\/img461-1992x2048.jpg 1992w, https:\/\/www.bengtsforsmc.se\/wp-content\/uploads\/2025\/06\/img461.jpg 2082w\" sizes=\"auto, (max-width: 996px) 100vw, 996px\" \/><\/figure>\n","protected":false},"excerpt":{"rendered":"<p>Tre f\u00f6rare fr\u00e5n Bengtsfors MotorClub k\u00f6rde Geller\u00e5sloppet p\u00e5 Geller\u00e5sen Arena i Karlskoga i klassen Valeryd Legends Cup. 64 f\u00f6rare kom till start och i kvalet kom Anders Berger sexa, Johan Sandin 12:a och Kristian Nilsson 49:a. Det innebar att Anders och Johan Fick k\u00f6ra A-finaler medan Kristian fick n\u00f6ja sig med att k\u00f6ra i B-finalerna. [&hellip;]<\/p>\n","protected":false},"author":2,"featured_media":771,"comment_status":"closed","ping_status":"open","sticky":false,"template":"","format":"standard","meta":{"footnotes":""},"categories":[1],"tags":[],"class_list":["post-770","post","type-post","status-publish","format-standard","has-post-thumbnail","hentry","category-okategoriserade"],"_links":{"self":[{"href":"https:\/\/www.bengtsforsmc.se\/index.php?rest_route=\/wp\/v2\/posts\/770","targetHints":{"allow":["GET"]}}],"collection":[{"href":"https:\/\/www.bengtsforsmc.se\/index.php?rest_route=\/wp\/v2\/posts"}],"about":[{"href":"https:\/\/www.bengtsforsmc.se\/index.php?rest_route=\/wp\/v2\/types\/post"}],"author":[{"embeddable":true,"href":"https:\/\/www.bengtsforsmc.se\/index.php?rest_route=\/wp\/v2\/users\/2"}],"replies":[{"embeddable":true,"href":"https:\/\/www.bengtsforsmc.se\/index.php?rest_route=%2Fwp%2Fv2%2Fcomments&post=770"}],"version-history":[{"count":2,"href":"https:\/\/www.bengtsforsmc.se\/index.php?rest_route=\/wp\/v2\/posts\/770\/revisions"}],"predecessor-version":[{"id":777,"href":"https:\/\/www.bengtsforsmc.se\/index.php?rest_route=\/wp\/v2\/posts\/770\/revisions\/777"}],"wp:featuredmedia":[{"embeddable":true,"href":"https:\/\/www.bengtsforsmc.se\/index.php?rest_route=\/wp\/v2\/media\/771"}],"wp:attachment":[{"href":"https:\/\/www.bengtsforsmc.se\/index.php?rest_route=%2Fwp%2Fv2%2Fmedia&parent=770"}],"wp:term":[{"taxonomy":"category","embeddable":true,"href":"https:\/\/www.bengtsforsmc.se\/index.php?rest_route=%2Fwp%2Fv2%2Fcategories&post=770"},{"taxonomy":"post_tag","embeddable":true,"href":"https:\/\/www.bengtsforsmc.se\/index.php?rest_route=%2Fwp%2Fv2%2Ftags&post=770"}],"curies":[{"name":"wp","href":"https:\/\/api.w.org\/{rel}","templated":true}]}}